{"id":33,"date":"2011-07-20T12:39:23","date_gmt":"2011-07-20T12:39:23","guid":{"rendered":"http:\/\/emmabo.se\/?p=33"},"modified":"2026-04-12T17:18:09","modified_gmt":"2026-04-12T17:18:09","slug":"valkommen","status":"publish","type":"post","link":"https:\/\/emmabo.se\/?p=33","title":{"rendered":"V\u00e4lkommen!"},"content":{"rendered":"<p>&#8230;till f\u00f6rskolan Emmabo!<\/p>\n<p><strong><em>Vi har just nu en ledig plats i v\u00e5r barngrupp, med start fr\u00e5n mitten av april. Till h\u00f6sten finns lediga platser d\u00e5 n\u00e5gra av v\u00e5ra barn g\u00e5r vidare till f\u00f6rskoleklass. V\u00e4lkommen att st\u00e4lla ditt barn i k\u00f6!<\/em><\/strong><\/p>\n<p>Vill du se hur vi har det &#8211; f\u00f6lj oss g\u00e4rna p\u00e5 Instagram d\u00e4r vi heter emmaboforskola<a href=\"https:\/\/emmabo.se\/?attachment_id=763\" rel=\"attachment wp-att-763\"><img loading=\"lazy\" class=\"wp-image-763 size-thumbnail alignleft\" src=\"http:\/\/emmabo.se\/wp-content\/uploads\/2011\/07\/emmaboforskola_qr-instagram-150x150.png\" alt=\"\" width=\"150\" height=\"150\"><\/a><\/p>\n<p><img loading=\"lazy\" class=\"wp-image-647 alignright\" src=\"http:\/\/emmabo.se\/wp-content\/uploads\/2023\/03\/Emmabo-sett-fran-gatan-1024x998.jpg\" alt=\"\" width=\"147\" height=\"136\"><\/p>\n<p>Emmabo drivs p\u00e5 en kristen grund i EFS-f\u00f6reningens regi sedan 1987. F\u00f6rskolan \u00e4r inrymd i en mysig villa i centrala Esl\u00f6v och \u00e4r omgiven av en stor tr\u00e4dg\u00e5rd som barnen har tillg\u00e5ng till varje dag. Den lilla barngruppen som best\u00e5r av 15 barn bidrar till att skapa en familj\u00e4r st\u00e4mning. All matlagning sker p\u00e5 Emmabo vilket ocks\u00e5 st\u00e4rker k\u00e4nslan av att vara p\u00e5 ett \u201dandra hem\u201d. \u00c4ven barnen f\u00e5r vara med i k\u00f6ket d\u00e5 tillf\u00e4lle ges.<\/p>\n<p><a href=\"http:\/\/emmabo.se\/?attachment_id=664\" rel=\"attachment wp-att-664\"><img loading=\"lazy\" class=\"wp-image-664 alignleft\" src=\"http:\/\/emmabo.se\/wp-content\/uploads\/2023\/03\/Innemiljolugn-724x1024.jpg\" alt=\"\" width=\"256\" height=\"362\" srcset=\"https:\/\/emmabo.se\/wp-content\/uploads\/2023\/03\/Innemiljolugn-724x1024.jpg 724w, https:\/\/emmabo.se\/wp-content\/uploads\/2023\/03\/Innemiljolugn-212x300.jpg 212w, https:\/\/emmabo.se\/wp-content\/uploads\/2023\/03\/Innemiljolugn-768x1086.jpg 768w, https:\/\/emmabo.se\/wp-content\/uploads\/2023\/03\/Innemiljolugn-1086x1536.jpg 1086w, https:\/\/emmabo.se\/wp-content\/uploads\/2023\/03\/Innemiljolugn-1448x2048.jpg 1448w, https:\/\/emmabo.se\/wp-content\/uploads\/2023\/03\/Innemiljolugn-scaled.jpg 1811w\" sizes=\"(max-width: 256px) 100vw, 256px\" \/><\/a>De omr\u00e5den som utm\u00e4rker Emmabos profil \u00e4r:<\/p>\n<p>Kristen grund<\/p>\n<p>Trygg l\u00e4randemilj\u00f6<\/p>\n<p>F\u00f6r\u00e4ldrakontakt<\/p>\n<p>Hemlagad mat<\/p>\n<p>Vi vill tillsammans med barnen arbeta med det barnen leder oss in i. Med hj\u00e4lp av observationer och dokumentationer f\u00f6ljer vi barnens l\u00e4rande. Den digitala plattformen Unikum hj\u00e4lper oss att synligg\u00f6ra l\u00e4randet f\u00f6r barnen, f\u00f6r\u00e4ldrarna och oss sj\u00e4lva. Vi arbetar efter m\u00e5len i L\u00e4roplanen f\u00f6r F\u00f6rskolan, Lpf\u00f6-18 rev.25.<\/p>\n<p>Du kan l\u00e4sa mer om oss under &#8220;Om Emmabo&#8221;. \u00c4r du intresserad av att st\u00e4lla ditt barn i k\u00f6 hos oss? Klicka p\u00e5 &#8220;B\u00f6rja p\u00e5 Emmabo&#8221; s\u00e5 kan du fylla i ans\u00f6kan digitalt. Vill du komma och h\u00e4lsa p\u00e5 oss \u00e4r du varmt v\u00e4lkommen, du hittar oss p\u00e5 Palmgatan 12. Ring g\u00e4rna oss innan du kommer p\u00e5 0413-13715 s\u00e5 att vi kan ordna s\u00e5 att n\u00e5gon har tid att ta emot er. Varmt v\u00e4lkommen!<\/p>\n<p>\u00c4r du intresserad av att arbeta som <strong>timvikarie <\/strong>och hoppa in vid behov? H\u00f6r g\u00e4rna av dig till oss p\u00e5 vikarie@emmabo.se om du \u00e4r intresserad av att st\u00e5 p\u00e5 v\u00e5r vikarielista!<\/p>\n\n\n<p><\/p>\n","protected":false},"excerpt":{"rendered":"<p>&#8230;till f\u00f6rskolan Emmabo! Vi har just nu en ledig plats i v\u00e5r barngrupp, med start fr\u00e5n mitten av april. Till h\u00f6sten finns lediga platser d\u00e5 n\u00e5gra av v\u00e5ra barn g\u00e5r vidare till f\u00f6rskoleklass. V\u00e4lkommen att st\u00e4lla ditt barn i k\u00f6! &hellip; <a href=\"https:\/\/emmabo.se\/?p=33\">Continue reading <span class=\"meta-nav\">&rarr;<\/span><\/a><\/p>\n","protected":false},"author":1,"featured_media":0,"comment_status":"closed","ping_status":"closed","sticky":false,"template":"","format":"standard","meta":{"ngg_post_thumbnail":0},"categories":[1],"tags":[],"_links":{"self":[{"href":"https:\/\/emmabo.se\/index.php?rest_route=\/wp\/v2\/posts\/33"}],"collection":[{"href":"https:\/\/emmabo.se\/index.php?rest_route=\/wp\/v2\/posts"}],"about":[{"href":"https:\/\/emmabo.se\/index.php?rest_route=\/wp\/v2\/types\/post"}],"author":[{"embeddable":true,"href":"https:\/\/emmabo.se\/index.php?rest_route=\/wp\/v2\/users\/1"}],"replies":[{"embeddable":true,"href":"https:\/\/emmabo.se\/index.php?rest_route=%2Fwp%2Fv2%2Fcomments&post=33"}],"version-history":[{"count":94,"href":"https:\/\/emmabo.se\/index.php?rest_route=\/wp\/v2\/posts\/33\/revisions"}],"predecessor-version":[{"id":766,"href":"https:\/\/emmabo.se\/index.php?rest_route=\/wp\/v2\/posts\/33\/revisions\/766"}],"wp:attachment":[{"href":"https:\/\/emmabo.se\/index.php?rest_route=%2Fwp%2Fv2%2Fmedia&parent=33"}],"wp:term":[{"taxonomy":"category","embeddable":true,"href":"https:\/\/emmabo.se\/index.php?rest_route=%2Fwp%2Fv2%2Fcategories&post=33"},{"taxonomy":"post_tag","embeddable":true,"href":"https:\/\/emmabo.se\/index.php?rest_route=%2Fwp%2Fv2%2Ftags&post=33"}],"curies":[{"name":"wp","href":"https:\/\/api.w.org\/{rel}","templated":true}]}}